{"id":320,"date":"2018-12-19T10:48:50","date_gmt":"2018-12-19T10:48:50","guid":{"rendered":"http:\/\/gruptm.com\/?p=320"},"modified":"2018-12-20T10:14:53","modified_gmt":"2018-12-20T10:14:53","slug":"hemos-superado-la-crisis","status":"publish","type":"post","link":"http:\/\/gruptm.com\/?p=320","title":{"rendered":"\u00bfHemos superado la crisis?"},"content":{"rendered":"<p class=\"p2\">En mi opini\u00f3n, si est\u00e1 superada. \u00bfPor qu\u00e9 las cosas no son como antes de la crisis? Las cosas no ser\u00e1n como antes de la crisis en mucho tiempo, se ha derrochado mucho dinero p\u00fablico, la poblaci\u00f3n se ha empobrecido, la clase media ha disminuido bastante, me atrever\u00eda a decir que un 40%. El empleo ha subido, s\u00ed, pero con sueldos no bajos, miserables.<\/p>\n<p class=\"p2\">Dicen que la Macroeconom\u00eda ha subido, pero el consumo interno, Microeconom\u00eda, ha disminuido en un 6-8%, \u00bfY esto por qu\u00e9 sucede? Sucede que la Macroeconom\u00eda, representa a las grandes empresas, que suponen el 25-30% de empleo, si estas empresas venden al exterior, porque si es cierto que la exportaciones aumentaron en un 25%, la Macroeconom\u00eda, crece, pero el resto de trabajadores, consumidores internos, cada vez m\u00e1s pobres, no pueden consumir y eso hace que la Microeconom\u00eda haya disminuido, y esto hace que empecemos otra vez a entrar en una<span class=\"Apple-converted-space\">\u00a0 <\/span>crisis, no ser\u00e1 como la anterior, pero ser\u00e1 crisis.<\/p>\n<p class=\"p2\">Hay que tener en cuenta, que por mucho que nos guste o no nos guste, toda la econom\u00eda mundial depende de las grandes multinacionales y de los famosos mercados de valores, IBEX35, DOW JONES, NIKKEI225, etc., as\u00ed como, Presidentes de pa\u00edses, que sean o no potencias mundiales y de ellas depende nuestro futuro.<\/p>\n<p class=\"p2\">Hay que recapacitar, y creo que habr\u00eda que hacer ex\u00e1menes Psicol\u00f3gicos, a los mandatarios de los Pa\u00edses, y a todos los que puedan influenciar en decisiones que puedan afectar a las personas, lo mismo que para poder obtener una licencia de armas de caza, hay que pasar por un examen psicot\u00e9cnico y psicol\u00f3gico, pues los que tienen en su poder los ej\u00e9rcitos y el destino de las personas con m\u00e1s motivo.<\/p>\n<p class=\"p2\">\u00bfCu\u00e1l es la soluci\u00f3n? Hay muchas, pero la m\u00e1s r\u00e1pida y efectiva, es disminuir el gasto pol\u00edtico, hacer planes de empleo para contrataciones indefinidas, poner los sueldos a niveles normales, que los trabajadores no sean pobres, marcar los sueldos como en la mayor\u00eda de Europa, con pluses y productividad. Incentivar a las empresas para la contrataci\u00f3n, incentivar la inversi\u00f3n, esto serian ejemplos para empresas, y para peque\u00f1os inversores y ahorradores, m\u00e1s seguridad jur\u00eddica, para el alquiler de inmuebles y locales, por ejemplo.<\/p>\n<p class=\"p2\">Bajar los impuestos y que todos paguen, luchar contra econom\u00eda sumergida, y por ejemplo, para empresas con una facturaci\u00f3n inferior a 300.000.-\u20ac, unificar Impuesto de Sociedades e IVA, y hacer pagar un porcentaje sobre la facturaci\u00f3n. Claro est\u00e1, si se bajan impuestos, todos a pagar!!!!!!<\/p>\n<p class=\"p2\">Miquel Manresa &#8211; Director Grup TM<\/p>\n","protected":false},"excerpt":{"rendered":"<p>En mi opini\u00f3n, si est\u00e1 superada. \u00bfPor qu\u00e9 las cosas no son como antes de la crisis? Las cosas no ser\u00e1n como antes de la crisis en mucho tiempo, se ha derrochado mucho dinero p\u00fablico, la poblaci\u00f3n se ha empobrecido, la clase media ha disminuido bastante, me atrever\u00eda a decir que un 40%. El empleo [&hellip;]<\/p>\n","protected":false},"author":2,"featured_media":0,"comment_status":"open","ping_status":"closed","sticky":false,"template":"","format":"standard","meta":{"footnotes":""},"categories":[6],"tags":[],"class_list":["post-320","post","type-post","status-publish","format-standard","hentry","category-economia"],"aioseo_notices":[],"_links":{"self":[{"href":"http:\/\/gruptm.com\/index.php?rest_route=\/wp\/v2\/posts\/320","targetHints":{"allow":["GET"]}}],"collection":[{"href":"http:\/\/gruptm.com\/index.php?rest_route=\/wp\/v2\/posts"}],"about":[{"href":"http:\/\/gruptm.com\/index.php?rest_route=\/wp\/v2\/types\/post"}],"author":[{"embeddable":true,"href":"http:\/\/gruptm.com\/index.php?rest_route=\/wp\/v2\/users\/2"}],"replies":[{"embeddable":true,"href":"http:\/\/gruptm.com\/index.php?rest_route=%2Fwp%2Fv2%2Fcomments&post=320"}],"version-history":[{"count":5,"href":"http:\/\/gruptm.com\/index.php?rest_route=\/wp\/v2\/posts\/320\/revisions"}],"predecessor-version":[{"id":325,"href":"http:\/\/gruptm.com\/index.php?rest_route=\/wp\/v2\/posts\/320\/revisions\/325"}],"wp:attachment":[{"href":"http:\/\/gruptm.com\/index.php?rest_route=%2Fwp%2Fv2%2Fmedia&parent=320"}],"wp:term":[{"taxonomy":"category","embeddable":true,"href":"http:\/\/gruptm.com\/index.php?rest_route=%2Fwp%2Fv2%2Fcategories&post=320"},{"taxonomy":"post_tag","embeddable":true,"href":"http:\/\/gruptm.com\/index.php?rest_route=%2Fwp%2Fv2%2Ftags&post=320"}],"curies":[{"name":"wp","href":"https:\/\/api.w.org\/{rel}","templated":true}]}}